{"id":1694,"date":"2017-07-26T17:44:01","date_gmt":"2017-07-26T17:44:01","guid":{"rendered":"http:\/\/www.microregio.pt\/?p=1694\/"},"modified":"2022-03-25T09:37:09","modified_gmt":"2022-03-25T09:37:09","slug":"pfr-pt-nova-declaracao-periodica-iva","status":"publish","type":"post","link":"http:\/\/www.microregio.pt\/pt-pt\/pfr-pt-nova-declaracao-periodica-iva\/","title":{"rendered":"PFR (PT) \u2013 Nova Declara\u00e7\u00e3o Peri\u00f3dica do IVA"},"content":{"rendered":"<div class=\"wpb-content-wrapper\"><p>[vc_row][vc_column][vc_column_text]A <a href=\"https:\/\/dre.pt\/application\/file\/a\/107728084\" target=\"_blank\" rel=\"noopener noreferrer\">Portaria n.\u00ba 221\/2017 <\/a>\u00a0aprova os novos modelos da Declara\u00e7\u00e3o Peri\u00f3dica do IVA.<br \/>\n<!--more--><\/p>\n<p class=\"pa\">A <a href=\"https:\/\/dre.pt\/application\/file\/a\/107728084\" target=\"_blank\" rel=\"noopener noreferrer\">Portaria n.\u00ba 221\/2017<\/a>, publicada a 21 de julho, aprova os novos modelos da Declara\u00e7\u00e3o Peri\u00f3dica do IVA, do anexo R e dos anexos das Regulariza\u00e7\u00f5es, bem como as respetivas instru\u00e7\u00f5es de preenchimento.<\/p>\n<p class=\"pa\">Os novos modelos da Declara\u00e7\u00e3o Peri\u00f3dica do IVA ser\u00e3o utilizados com refer\u00eancia aos per\u00edodos de imposto a partir de 1 de setembro de 2017.<\/p>\n<p class=\"pa\">A primeira entrega da Declara\u00e7\u00e3o Peri\u00f3dica atrav\u00e9s dos novos modelos ocorrer\u00e1, de acordo com a periodicidade de entrega, nos seguintes termos:<\/p>\n<ul type=\"disc\">\n<li class=\"pa\"><u>Periodicidade trimestral<\/u> \u2212 <b>at\u00e9 15 de fevereiro de 2018<\/b>, referente ao imposto do 4\u00ba trimestre de 2017;<\/li>\n<li class=\"pa\"><u>Periodicidade mensal<\/u> \u2212 <b>at\u00e9 10 de novembro de 2017<\/b>, referente ao imposto do m\u00eas de setembro de 2017.<\/li>\n<\/ul>\n<p class=\"pa\">Os modelos atuais s\u00e3o revogados com efeitos a 1 de setembro de 2017.<\/p>\n<p class=\"pa\">Neste contexto, a PRIMAVERA informa que est\u00e1 a trabalhar para disponibilizar uma nova vers\u00e3o da Declara\u00e7\u00e3o Peri\u00f3dica do IVA <b>a partir de 11 de outubro de 2017<\/b>.<\/p>\n<h3>\u00c2mbito<\/h3>\n<p>Vers\u00f5es: 8.0<br \/>\nProdutos:\u00a0PFR<br \/>\nLocaliza\u00e7\u00f5es: Portugal[\/vc_column_text][\/vc_column][\/vc_row]<\/p>\n<\/div>","protected":false},"excerpt":{"rendered":"<p>De acordo com o Artigo 119.\u00ba, n.\u00ba 1, al\u00ednea b) do C\u00f3digo do IRS existe a obriga\u00e7\u00e3o de entregar&#8230;<\/p>\n","protected":false},"author":1,"featured_media":2488,"comment_status":"closed","ping_status":"closed","sticky":false,"template":"","format":"standard","meta":{"footnotes":""},"categories":[33],"tags":[],"class_list":["post-1694","post","type-post","status-publish","format-standard","has-post-thumbnail","hentry","category-comunicacoes-tecnicas"],"yoast_head":"<!-- This site is optimized with the Yoast SEO plugin v27.5 - https:\/\/yoast.com\/product\/yoast-seo-wordpress\/ -->\n<title>PFR (PT) \u2013 Nova Declara\u00e7\u00e3o Peri\u00f3dica do IVA &#8212; Microregio<\/title>\n<meta name=\"robots\" content=\"index, follow, max-snippet:-1, max-image-preview:large, max-video-preview:-1\" \/>\n<link rel=\"canonical\" href=\"http:\/\/www.microregio.pt\/pt-pt\/pfr-pt-nova-declaracao-periodica-iva\/\" \/>\n<meta property=\"og:locale\" content=\"pt_PT\" \/>\n<meta property=\"og:type\" content=\"article\" \/>\n<meta property=\"og:title\" content=\"PFR (PT) \u2013 Nova Declara\u00e7\u00e3o Peri\u00f3dica do IVA &#8212; Microregio\" \/>\n<meta property=\"og:description\" content=\"De acordo com o Artigo 119.\u00ba, n.\u00ba 1, al\u00ednea b) do C\u00f3digo do IRS existe a obriga\u00e7\u00e3o de entregar...\" \/>\n<meta property=\"og:url\" content=\"http:\/\/www.microregio.pt\/pt-pt\/pfr-pt-nova-declaracao-periodica-iva\/\" \/>\n<meta property=\"og:site_name\" content=\"Microregio\" \/>\n<meta property=\"article:published_time\" content=\"2017-07-26T17:44:01+00:00\" \/>\n<meta property=\"article:modified_time\" content=\"2022-03-25T09:37:09+00:00\" \/>\n<meta property=\"og:image\" content=\"http:\/\/www.microregio.pt\/wp-content\/uploads\/2017\/04\/Publica\u00e7\u00f5es-Site-5.png\" \/>\n\t<meta property=\"og:image:width\" content=\"720\" \/>\n\t<meta property=\"og:image:height\" content=\"466\" \/>\n\t<meta property=\"og:image:type\" content=\"image\/png\" \/>\n<meta name=\"author\" content=\"admin_microregio\" \/>\n<meta name=\"twitter:card\" content=\"summary_large_image\" \/>\n<meta name=\"twitter:label1\" content=\"Escrito por\" \/>\n\t<meta name=\"twitter:data1\" content=\"admin_microregio\" \/>\n\t<meta name=\"twitter:label2\" content=\"Tempo estimado de leitura\" \/>\n\t<meta name=\"twitter:data2\" content=\"1 minuto\" \/>\n<script type=\"application\/ld+json\" class=\"yoast-schema-graph\">{\"@context\":\"https:\\\/\\\/schema.org\",\"@graph\":[{\"@type\":\"Article\",\"@id\":\"http:\\\/\\\/www.microregio.pt\\\/pt-pt\\\/pfr-pt-nova-declaracao-periodica-iva\\\/#article\",\"isPartOf\":{\"@id\":\"http:\\\/\\\/www.microregio.pt\\\/pt-pt\\\/pfr-pt-nova-declaracao-periodica-iva\\\/\"},\"author\":{\"name\":\"admin_microregio\",\"@id\":\"https:\\\/\\\/www.microregio.pt\\\/pt-pt\\\/#\\\/schema\\\/person\\\/d8ff834a180b1ec2b878a2f9fef4c319\"},\"headline\":\"PFR (PT) \u2013 Nova Declara\u00e7\u00e3o Peri\u00f3dica do IVA\",\"datePublished\":\"2017-07-26T17:44:01+00:00\",\"dateModified\":\"2022-03-25T09:37:09+00:00\",\"mainEntityOfPage\":{\"@id\":\"http:\\\/\\\/www.microregio.pt\\\/pt-pt\\\/pfr-pt-nova-declaracao-periodica-iva\\\/\"},\"wordCount\":198,\"image\":{\"@id\":\"http:\\\/\\\/www.microregio.pt\\\/pt-pt\\\/pfr-pt-nova-declaracao-periodica-iva\\\/#primaryimage\"},\"thumbnailUrl\":\"http:\\\/\\\/www.microregio.pt\\\/wp-content\\\/uploads\\\/2017\\\/04\\\/Publica\u00e7\u00f5es-Site-5.png\",\"articleSection\":[\"Comunica\u00e7\u00f5es t\u00e9cnicas\"],\"inLanguage\":\"pt-PT\"},{\"@type\":\"WebPage\",\"@id\":\"http:\\\/\\\/www.microregio.pt\\\/pt-pt\\\/pfr-pt-nova-declaracao-periodica-iva\\\/\",\"url\":\"http:\\\/\\\/www.microregio.pt\\\/pt-pt\\\/pfr-pt-nova-declaracao-periodica-iva\\\/\",\"name\":\"PFR (PT) \u2013 Nova Declara\u00e7\u00e3o Peri\u00f3dica do IVA &#8212; Microregio\",\"isPartOf\":{\"@id\":\"https:\\\/\\\/www.microregio.pt\\\/pt-pt\\\/#website\"},\"primaryImageOfPage\":{\"@id\":\"http:\\\/\\\/www.microregio.pt\\\/pt-pt\\\/pfr-pt-nova-declaracao-periodica-iva\\\/#primaryimage\"},\"image\":{\"@id\":\"http:\\\/\\\/www.microregio.pt\\\/pt-pt\\\/pfr-pt-nova-declaracao-periodica-iva\\\/#primaryimage\"},\"thumbnailUrl\":\"http:\\\/\\\/www.microregio.pt\\\/wp-content\\\/uploads\\\/2017\\\/04\\\/Publica\u00e7\u00f5es-Site-5.png\",\"datePublished\":\"2017-07-26T17:44:01+00:00\",\"dateModified\":\"2022-03-25T09:37:09+00:00\",\"author\":{\"@id\":\"https:\\\/\\\/www.microregio.pt\\\/pt-pt\\\/#\\\/schema\\\/person\\\/d8ff834a180b1ec2b878a2f9fef4c319\"},\"breadcrumb\":{\"@id\":\"http:\\\/\\\/www.microregio.pt\\\/pt-pt\\\/pfr-pt-nova-declaracao-periodica-iva\\\/#breadcrumb\"},\"inLanguage\":\"pt-PT\",\"potentialAction\":[{\"@type\":\"ReadAction\",\"target\":[\"http:\\\/\\\/www.microregio.pt\\\/pt-pt\\\/pfr-pt-nova-declaracao-periodica-iva\\\/\"]}]},{\"@type\":\"ImageObject\",\"inLanguage\":\"pt-PT\",\"@id\":\"http:\\\/\\\/www.microregio.pt\\\/pt-pt\\\/pfr-pt-nova-declaracao-periodica-iva\\\/#primaryimage\",\"url\":\"http:\\\/\\\/www.microregio.pt\\\/wp-content\\\/uploads\\\/2017\\\/04\\\/Publica\u00e7\u00f5es-Site-5.png\",\"contentUrl\":\"http:\\\/\\\/www.microregio.pt\\\/wp-content\\\/uploads\\\/2017\\\/04\\\/Publica\u00e7\u00f5es-Site-5.png\",\"width\":720,\"height\":466},{\"@type\":\"BreadcrumbList\",\"@id\":\"http:\\\/\\\/www.microregio.pt\\\/pt-pt\\\/pfr-pt-nova-declaracao-periodica-iva\\\/#breadcrumb\",\"itemListElement\":[{\"@type\":\"ListItem\",\"position\":1,\"name\":\"Home\",\"item\":\"https:\\\/\\\/www.microregio.pt\\\/pt-pt\\\/\"},{\"@type\":\"ListItem\",\"position\":2,\"name\":\"PFR (PT) \u2013 Nova Declara\u00e7\u00e3o Peri\u00f3dica do IVA\"}]},{\"@type\":\"WebSite\",\"@id\":\"https:\\\/\\\/www.microregio.pt\\\/pt-pt\\\/#website\",\"url\":\"https:\\\/\\\/www.microregio.pt\\\/pt-pt\\\/\",\"name\":\"Microregio\",\"description\":\"Solu\u00e7\u00f5es Inform\u00e1ticas Lda\",\"potentialAction\":[{\"@type\":\"SearchAction\",\"target\":{\"@type\":\"EntryPoint\",\"urlTemplate\":\"https:\\\/\\\/www.microregio.pt\\\/pt-pt\\\/?s={search_term_string}\"},\"query-input\":{\"@type\":\"PropertyValueSpecification\",\"valueRequired\":true,\"valueName\":\"search_term_string\"}}],\"inLanguage\":\"pt-PT\"},{\"@type\":\"Person\",\"@id\":\"https:\\\/\\\/www.microregio.pt\\\/pt-pt\\\/#\\\/schema\\\/person\\\/d8ff834a180b1ec2b878a2f9fef4c319\",\"name\":\"admin_microregio\"}]}<\/script>\n<!-- \/ Yoast SEO plugin. -->","yoast_head_json":{"title":"PFR (PT) \u2013 Nova Declara\u00e7\u00e3o Peri\u00f3dica do IVA &#8212; Microregio","robots":{"index":"index","follow":"follow","max-snippet":"max-snippet:-1","max-image-preview":"max-image-preview:large","max-video-preview":"max-video-preview:-1"},"canonical":"http:\/\/www.microregio.pt\/pt-pt\/pfr-pt-nova-declaracao-periodica-iva\/","og_locale":"pt_PT","og_type":"article","og_title":"PFR (PT) \u2013 Nova Declara\u00e7\u00e3o Peri\u00f3dica do IVA &#8212; Microregio","og_description":"De acordo com o Artigo 119.\u00ba, n.\u00ba 1, al\u00ednea b) do C\u00f3digo do IRS existe a obriga\u00e7\u00e3o de entregar...","og_url":"http:\/\/www.microregio.pt\/pt-pt\/pfr-pt-nova-declaracao-periodica-iva\/","og_site_name":"Microregio","article_published_time":"2017-07-26T17:44:01+00:00","article_modified_time":"2022-03-25T09:37:09+00:00","og_image":[{"width":720,"height":466,"url":"http:\/\/www.microregio.pt\/wp-content\/uploads\/2017\/04\/Publica\u00e7\u00f5es-Site-5.png","type":"image\/png"}],"author":"admin_microregio","twitter_card":"summary_large_image","twitter_misc":{"Escrito por":"admin_microregio","Tempo estimado de leitura":"1 minuto"},"schema":{"@context":"https:\/\/schema.org","@graph":[{"@type":"Article","@id":"http:\/\/www.microregio.pt\/pt-pt\/pfr-pt-nova-declaracao-periodica-iva\/#article","isPartOf":{"@id":"http:\/\/www.microregio.pt\/pt-pt\/pfr-pt-nova-declaracao-periodica-iva\/"},"author":{"name":"admin_microregio","@id":"https:\/\/www.microregio.pt\/pt-pt\/#\/schema\/person\/d8ff834a180b1ec2b878a2f9fef4c319"},"headline":"PFR (PT) \u2013 Nova Declara\u00e7\u00e3o Peri\u00f3dica do IVA","datePublished":"2017-07-26T17:44:01+00:00","dateModified":"2022-03-25T09:37:09+00:00","mainEntityOfPage":{"@id":"http:\/\/www.microregio.pt\/pt-pt\/pfr-pt-nova-declaracao-periodica-iva\/"},"wordCount":198,"image":{"@id":"http:\/\/www.microregio.pt\/pt-pt\/pfr-pt-nova-declaracao-periodica-iva\/#primaryimage"},"thumbnailUrl":"http:\/\/www.microregio.pt\/wp-content\/uploads\/2017\/04\/Publica\u00e7\u00f5es-Site-5.png","articleSection":["Comunica\u00e7\u00f5es t\u00e9cnicas"],"inLanguage":"pt-PT"},{"@type":"WebPage","@id":"http:\/\/www.microregio.pt\/pt-pt\/pfr-pt-nova-declaracao-periodica-iva\/","url":"http:\/\/www.microregio.pt\/pt-pt\/pfr-pt-nova-declaracao-periodica-iva\/","name":"PFR (PT) \u2013 Nova Declara\u00e7\u00e3o Peri\u00f3dica do IVA &#8212; Microregio","isPartOf":{"@id":"https:\/\/www.microregio.pt\/pt-pt\/#website"},"primaryImageOfPage":{"@id":"http:\/\/www.microregio.pt\/pt-pt\/pfr-pt-nova-declaracao-periodica-iva\/#primaryimage"},"image":{"@id":"http:\/\/www.microregio.pt\/pt-pt\/pfr-pt-nova-declaracao-periodica-iva\/#primaryimage"},"thumbnailUrl":"http:\/\/www.microregio.pt\/wp-content\/uploads\/2017\/04\/Publica\u00e7\u00f5es-Site-5.png","datePublished":"2017-07-26T17:44:01+00:00","dateModified":"2022-03-25T09:37:09+00:00","author":{"@id":"https:\/\/www.microregio.pt\/pt-pt\/#\/schema\/person\/d8ff834a180b1ec2b878a2f9fef4c319"},"breadcrumb":{"@id":"http:\/\/www.microregio.pt\/pt-pt\/pfr-pt-nova-declaracao-periodica-iva\/#breadcrumb"},"inLanguage":"pt-PT","potentialAction":[{"@type":"ReadAction","target":["http:\/\/www.microregio.pt\/pt-pt\/pfr-pt-nova-declaracao-periodica-iva\/"]}]},{"@type":"ImageObject","inLanguage":"pt-PT","@id":"http:\/\/www.microregio.pt\/pt-pt\/pfr-pt-nova-declaracao-periodica-iva\/#primaryimage","url":"http:\/\/www.microregio.pt\/wp-content\/uploads\/2017\/04\/Publica\u00e7\u00f5es-Site-5.png","contentUrl":"http:\/\/www.microregio.pt\/wp-content\/uploads\/2017\/04\/Publica\u00e7\u00f5es-Site-5.png","width":720,"height":466},{"@type":"BreadcrumbList","@id":"http:\/\/www.microregio.pt\/pt-pt\/pfr-pt-nova-declaracao-periodica-iva\/#breadcrumb","itemListElement":[{"@type":"ListItem","position":1,"name":"Home","item":"https:\/\/www.microregio.pt\/pt-pt\/"},{"@type":"ListItem","position":2,"name":"PFR (PT) \u2013 Nova Declara\u00e7\u00e3o Peri\u00f3dica do IVA"}]},{"@type":"WebSite","@id":"https:\/\/www.microregio.pt\/pt-pt\/#website","url":"https:\/\/www.microregio.pt\/pt-pt\/","name":"Microregio","description":"Solu\u00e7\u00f5es Inform\u00e1ticas Lda","potentialAction":[{"@type":"SearchAction","target":{"@type":"EntryPoint","urlTemplate":"https:\/\/www.microregio.pt\/pt-pt\/?s={search_term_string}"},"query-input":{"@type":"PropertyValueSpecification","valueRequired":true,"valueName":"search_term_string"}}],"inLanguage":"pt-PT"},{"@type":"Person","@id":"https:\/\/www.microregio.pt\/pt-pt\/#\/schema\/person\/d8ff834a180b1ec2b878a2f9fef4c319","name":"admin_microregio"}]}},"_links":{"self":[{"href":"http:\/\/www.microregio.pt\/pt-pt\/wp-json\/wp\/v2\/posts\/1694\/"}],"collection":[{"href":"http:\/\/www.microregio.pt\/pt-pt\/wp-json\/wp\/v2\/posts\/"}],"about":[{"href":"http:\/\/www.microregio.pt\/pt-pt\/wp-json\/wp\/v2\/types\/post\/"}],"author":[{"embeddable":true,"href":"http:\/\/www.microregio.pt\/pt-pt\/wp-json\/wp\/v2\/users\/1\/"}],"replies":[{"embeddable":true,"href":"http:\/\/www.microregio.pt\/pt-pt\/wp-json\/wp\/v2\/comments\/?post=1694"}],"version-history":[{"count":3,"href":"http:\/\/www.microregio.pt\/pt-pt\/wp-json\/wp\/v2\/posts\/1694\/revisions\/"}],"predecessor-version":[{"id":2492,"href":"http:\/\/www.microregio.pt\/pt-pt\/wp-json\/wp\/v2\/posts\/1694\/revisions\/2492\/"}],"wp:featuredmedia":[{"embeddable":true,"href":"http:\/\/www.microregio.pt\/pt-pt\/wp-json\/wp\/v2\/media\/2488\/"}],"wp:attachment":[{"href":"http:\/\/www.microregio.pt\/pt-pt\/wp-json\/wp\/v2\/media\/?parent=1694"}],"wp:term":[{"taxonomy":"category","embeddable":true,"href":"http:\/\/www.microregio.pt\/pt-pt\/wp-json\/wp\/v2\/categories\/?post=1694"},{"taxonomy":"post_tag","embeddable":true,"href":"http:\/\/www.microregio.pt\/pt-pt\/wp-json\/wp\/v2\/tags\/?post=1694"}],"curies":[{"name":"wp","href":"https:\/\/api.w.org\/{rel}","templated":true}]}}